{"id":403,"date":"2020-05-02T13:51:37","date_gmt":"2020-05-02T13:51:37","guid":{"rendered":"https:\/\/luigiadamo.it\/?p=403"},"modified":"2020-05-11T15:55:36","modified_gmt":"2020-05-11T15:55:36","slug":"sinfonia-dal-silenzio","status":"publish","type":"post","link":"https:\/\/luigiadamo.it\/?p=403","title":{"rendered":"Sinfonia dal silenzio"},"content":{"rendered":"\n<h3 class=\"has-text-align-center wp-block-heading\">( <em>Ludwig van Beethoven e la nona sinfonia<\/em> )<\/h3>\n\n\n\n<p>      <\/p>\n\n\n\n<div class=\"wp-block-image\"><figure class=\"aligncenter size-full is-resized\"><img loading=\"lazy\" decoding=\"async\" src=\"https:\/\/luigiadamo.it\/wp-content\/uploads\/2020\/05\/beethoven-1.jpg\" alt=\"\" class=\"wp-image-412\" width=\"385\" height=\"478\" srcset=\"https:\/\/luigiadamo.it\/wp-content\/uploads\/2020\/05\/beethoven-1.jpg 770w, https:\/\/luigiadamo.it\/wp-content\/uploads\/2020\/05\/beethoven-1-242x300.jpg 242w, https:\/\/luigiadamo.it\/wp-content\/uploads\/2020\/05\/beethoven-1-768x953.jpg 768w\" sizes=\"auto, (max-width: 385px) 100vw, 385px\" \/><\/figure><\/div>\n\n\n\n<p>  <\/p>\n\n\n\n<p class=\"has-text-align-center\"><em>Scende la sera,<br>grigio presagio<br>d\u2019oscuri brividi notturni,<br>e tu, Ludwig, ti aggiri lungo il fiume,<br>cupo viandante senza meta,<br>solitario e smarrito,<br>prigioniero a vita<br>nella cella ovattata<br>del tuo immobile silenzio.<\/em><\/p>\n\n\n\n<p class=\"has-text-align-center\"><em>Dinanzi a te il Danubio,<br>profondo, placido e senza tempo.<br>Vai cercando, inquieto,<br>armonie di fragile cristallo<br>nella notte stellata<br>che accarezza l\u2019anima del fiume,<br>ma i racconti delle acque,<br>che un tempo furono la tua musica,<br>ora sono messaggi muti.<br>Scorrono inerti<br>fra le sponde della tua malinconia,<br>che ha voce potente,<br>ma echeggia sotto i ponti indifferenti<br>come freddi inchini lunari<br>intrisi di immobile eternit\u00e0,<br>e a te \u00e8 negato ogni ascolto.<\/em><\/p>\n\n\n\n<p class=\"has-text-align-center\"><em>Altre acque della memoria<br>ti scorrono dentro impetuose,<br>e tu cerchi di interrogarle<br>per carpirne almeno un liquido suono,<br>uno solo, un segno,<br>a ricordarti che ancora esisti.<br>Ma Eraclito crudele e inesorabile<br>non concede che la tua mano<br>si tuffi due volte nella stessa acqua.<br>Il Passato \u00e8 perduto,<br>il Presente \u00e8 silenzio,<br>il Futuro \u00e8 una vuota Chimera.<\/em><\/p>\n\n\n\n<p class=\"has-text-align-center\"><em>Un segreto furore, allora, ti assale, improvviso.<br>Pensi a chi fosti,<br>pensi agli inchini dei re<br>soggiogati dalla libera forza<br>della tua musica,<br>pensi al plauso entusiasta<br>di chi, misero e derelitto,<br>rendevi gigante<br>con le eroiche note<br>delle tue sinfonie,<br>pensi ai volti sensuali e infuocati,<br>scolpiti nel prezioso corallo dei ricordi,<br>delle giovani donne<br>rapite e adoranti<br>dinanzi alla passione veemente<br>delle tue sonate,<br>pensi alla gloria, ai trionfi, alla fama :<br>pensi, pensi, e pensi \u2026<br>Poi, con ira sempre crescente,<br>vai, corri, inquieta ombra nella sera,<br>cercando di strappare dal tuo orecchio<br>la spina del dolore che ti annienta,<br>mentre un\u2019oscura caligine<br>che tutto nasconde<br>emerge lenta dal fiume<br>e ti avvinghia inesorabile<br>con l\u2019insidia silenziosa<br>dei suoi tentacoli<br>che trascinano all\u2019oblio.<\/em><\/p>\n\n\n\n<p class=\"has-text-align-center\"><em>Invano cerchi di opporti,<br>invano cerchi di scuoterti,<br>invano cerchi di contrastare,<br>impavido Ulisse,<br>le crudeli Sirene del silenzio.<br>Lotti senza tregua<br>come un Titano incatenato,<br>ed infine, ti abbandoni sconfitto<br>sulla sponda del fiume,<br>naufragando<br>in una tetra notte senza sogni,<br>dove ti perdi<br>lentamente nel nulla.<\/em><\/p>\n\n\n\n<p class=\"has-text-align-center\"><em>Ma quando tutto, ormai,<br>sta divenendo un folle viaggio<br>senza ritorno,<br>il richiamo dell\u2019alba<br>ti coglie di sorpresa<br>con repentini squilli di luce.<br>Il fiume al primo sole<br>\u00e8 un pentagramma<br>di note luccicanti<br>e si riempie d\u2019incantevoli cigni<br>che ti osservano con flessuoso,<br>invitante stupore.<br>Avverti un vago profumo di primavera ;<br>la rugiada lenisce<br>le tue dita contratte,<br>mentre la prima brezza del mattino<br>\u00e8 una carezza vitale<br>sulla tua fronte tormentata.<br>Stormi di esili aironi<br>disegnano candidi voli<br>sullo specchio delle acque<br>e il loro piumato volteggio<br>\u00e8 un invito a riscoprire il cielo<br>dopo l\u2019atrocit\u00e0 delle tenebre.<\/em><\/p>\n\n\n\n<p class=\"has-text-align-center\"><em>Allora ti ergi nel sole,<br>ti abbandoni al respiro del Tutto,<br>lasci che la segreta anima delle cose<br>aliti dentro di te,<br>diffondendo in ogni tuo senso<br>una nuova armonia,<br>e d\u2019improvviso il tuo corpo<br>si riempie di richiami,<br>di echi, di ritmi, di voci, di note,di suoni.<br>Il battito del tuo cuore<br>si fa musicale ;<br>il sangue nelle tue vene<br>\u00e8 una melodia travolgente ;<br>l\u2019acqua che avidamente assapori<br>dopo l\u2019ansimante aridit\u00e0 della notte<br>\u00e8 un liquido canto di vita<br>che inonda e rigenera<br>le pi\u00f9 profonde radici<br>del tuo essere ;<br>l\u2019aria profumata entra in te<br>come un flusso di note inarrestabile ;<br>le tue dita vibrano<br>come su una tastiera<br>sfiorando le prime rose del mattino ;<br>i colori sono tonalit\u00e0<br>che convertono in musica<br>ogni tua emozione.<\/em><\/p>\n\n\n\n<p class=\"has-text-align-center\"><em>Il tuo dolore si ricompone e si tramuta<br>in una nuova forza innovatrice,<br>e tu, Ludwig, finalmente rinasci<br>e vinci il silenzio della tua sordit\u00e0!<br>L\u2019Universo canta in te<br>e ora tu sei la sua Musica,<br>in un grandioso contrappunto,<br>che la magia della tua anima<br>inizia a trasformare in sublime sinfonia.<br>Ne senti subito il richiamo,<br>ancora esile,incerto,lontano.<br>Dapprima suona nella tua mente<br>come un invito sacro,<br>per esplodere poi<br>in un vulcano di suoni imperiosi,<br>che invitano ad affrettarsi,<br>ad andare fiduciosi verso la Vita.<\/em><\/p>\n\n\n\n<p class=\"has-text-align-center\"><em>E tu allora cominci a correre, Ludwig,<br>finalmente libero e leggero,<br>incontro a quella Natura<br>che prima ti fu ostile<br>ed ora ti accoglie di nuovo<br>come un figlio prediletto<br>nel mistero del suo vibrante abbraccio.<br>E quell\u2019amplesso \u00e8 un\u2019elegia di pace,<br>dove la guerra degli opposti si placa ;<br>dove il tragico veleno che corrompe,<br>lacera e divide ;<br>che fomenta l\u2019odio e la guerra<br>di tutti contro tutti ;<br>che genera il male ;<br>che alimenta l\u2019avidit\u00e0 del potere<br>e legittima il primato della cattiveria,<br>dell\u2019avidit\u00e0, dell\u2019arroganza,<br>del disprezzo per il diverso :<br>ebbene, ora si trasforma in una nuova,<br>magica, pozione di vita,<br>che fluisce maestosa, purificando l\u2019anima,<br>e sfocia infine<br>in un grande oceano di armonia,<br>dove risuona un cosmico,<br>perentorio richiamo,<br>che avvolge ed affratella ogni creatura<br>in un fremente inno alla Gioia.<br>Tutte le voci dell\u2019Universo in coro<br>si raccolgono dentro di te<br>a cantare questa nuova Promessa.<br>E\u2019 come un fiume impetuoso<br>dove infine, Ludwig, ti immergi,<br>uscendo dal Tempo<br>e divenendo immortale.<\/em><\/p>\n\n\n\n<p>    <\/p>\n\n\n\n<p><em>Luigi Adamo<br>Firenze, 24 Febbraio 2010<\/em><\/p>\n\n\n\n<p>   <\/p>\n\n\n\n<p>  <\/p>\n\n\n\n<div class=\"wp-block-columns is-layout-flex wp-container-core-columns-is-layout-9d6595d7 wp-block-columns-is-layout-flex\">\n<div class=\"wp-block-column is-layout-flow wp-block-column-is-layout-flow\">\n<div class=\"wp-block-image\"><figure class=\"aligncenter size-full is-resized\"><img loading=\"lazy\" decoding=\"async\" src=\"https:\/\/luigiadamo.it\/wp-content\/uploads\/2020\/05\/beethoven-2.jpg\" alt=\"\" class=\"wp-image-411\" width=\"385\" height=\"509\" srcset=\"https:\/\/luigiadamo.it\/wp-content\/uploads\/2020\/05\/beethoven-2.jpg 770w, https:\/\/luigiadamo.it\/wp-content\/uploads\/2020\/05\/beethoven-2-227x300.jpg 227w, https:\/\/luigiadamo.it\/wp-content\/uploads\/2020\/05\/beethoven-2-768x1014.jpg 768w\" sizes=\"auto, (max-width: 385px) 100vw, 385px\" \/><\/figure><\/div>\n<\/div>\n\n\n\n<div class=\"wp-block-column is-layout-flow wp-block-column-is-layout-flow\">\n<div class=\"wp-block-image\"><figure class=\"aligncenter size-full is-resized\"><img loading=\"lazy\" decoding=\"async\" src=\"https:\/\/luigiadamo.it\/wp-content\/uploads\/2020\/05\/beethoven-3.jpg\" alt=\"\" class=\"wp-image-410\" width=\"385\" height=\"491\" srcset=\"https:\/\/luigiadamo.it\/wp-content\/uploads\/2020\/05\/beethoven-3.jpg 770w, https:\/\/luigiadamo.it\/wp-content\/uploads\/2020\/05\/beethoven-3-235x300.jpg 235w, https:\/\/luigiadamo.it\/wp-content\/uploads\/2020\/05\/beethoven-3-768x979.jpg 768w\" sizes=\"auto, (max-width: 385px) 100vw, 385px\" \/><\/figure><\/div>\n<\/div>\n<\/div>\n","protected":false},"excerpt":{"rendered":"<p>( Ludwig van Beethoven e la nona sinfonia ) Scende la sera,grigio presagiod\u2019oscuri brividi notturni,e tu, Ludwig, ti aggiri lungo il fiume,cupo viandante senza meta,solitario e smarrito,prigioniero a vitanella cella&#8230;<\/p>\n","protected":false},"author":1,"featured_media":412,"comment_status":"open","ping_status":"closed","sticky":false,"template":"","format":"standard","meta":{"footnotes":""},"categories":[6],"tags":[],"class_list":{"0":"post-403","1":"post","2":"type-post","3":"status-publish","4":"format-standard","5":"has-post-thumbnail","7":"category-poesie"},"_links":{"self":[{"href":"https:\/\/luigiadamo.it\/index.php?rest_route=\/wp\/v2\/posts\/403","targetHints":{"allow":["GET"]}}],"collection":[{"href":"https:\/\/luigiadamo.it\/index.php?rest_route=\/wp\/v2\/posts"}],"about":[{"href":"https:\/\/luigiadamo.it\/index.php?rest_route=\/wp\/v2\/types\/post"}],"author":[{"embeddable":true,"href":"https:\/\/luigiadamo.it\/index.php?rest_route=\/wp\/v2\/users\/1"}],"replies":[{"embeddable":true,"href":"https:\/\/luigiadamo.it\/index.php?rest_route=%2Fwp%2Fv2%2Fcomments&post=403"}],"version-history":[{"count":12,"href":"https:\/\/luigiadamo.it\/index.php?rest_route=\/wp\/v2\/posts\/403\/revisions"}],"predecessor-version":[{"id":428,"href":"https:\/\/luigiadamo.it\/index.php?rest_route=\/wp\/v2\/posts\/403\/revisions\/428"}],"wp:featuredmedia":[{"embeddable":true,"href":"https:\/\/luigiadamo.it\/index.php?rest_route=\/wp\/v2\/media\/412"}],"wp:attachment":[{"href":"https:\/\/luigiadamo.it\/index.php?rest_route=%2Fwp%2Fv2%2Fmedia&parent=403"}],"wp:term":[{"taxonomy":"category","embeddable":true,"href":"https:\/\/luigiadamo.it\/index.php?rest_route=%2Fwp%2Fv2%2Fcategories&post=403"},{"taxonomy":"post_tag","embeddable":true,"href":"https:\/\/luigiadamo.it\/index.php?rest_route=%2Fwp%2Fv2%2Ftags&post=403"}],"curies":[{"name":"wp","href":"https:\/\/api.w.org\/{rel}","templated":true}]}}